{"id":8457,"date":"2013-04-15T09:46:13","date_gmt":"2013-04-15T14:46:13","guid":{"rendered":"http:\/\/www.vetpraxis.net\/?p=8457"},"modified":"2013-04-15T09:46:13","modified_gmt":"2013-04-15T14:46:13","slug":"en-vivo-abordaje-pre-anestesico-del-paciente-con-patologias-pre-existentes","status":"publish","type":"post","link":"https:\/\/vetpraxis.academy\/articles\/2013\/04\/15\/en-vivo-abordaje-pre-anestesico-del-paciente-con-patologias-pre-existentes\/","title":{"rendered":"En Vivo: \u201cAbordaje Pre-Anest\u00e9sico del Paciente con Patolog\u00edas Pre-Existentes\u201d"},"content":{"rendered":"<p><img loading=\"lazy\" decoding=\"async\" class=\"aligncenter size-full wp-image-8470\" alt=\"flyerenvivo2\" src=\"https:\/\/www.vetpraxis.net\/wp-content\/uploads\/2013\/04\/flyerenvivo2.jpg\" width=\"610\" height=\"630\" srcset=\"https:\/\/cdn.vetpraxis.net\/wp-content\/uploads\/2013\/04\/flyerenvivo2.jpg 610w, https:\/\/cdn.vetpraxis.net\/wp-content\/uploads\/2013\/04\/flyerenvivo2.jpg 290w\" sizes=\"auto, (max-width: 610px) 100vw, 610px\" \/><\/p>\n<p>Este jueves\u00a0<strong>18 de Abril<\/strong>\u00a0<a href=\"https:\/\/www.facebook.com\/vetpraxis\" target=\"_blank\">VetPraxis<\/a> te invita a la Conferencia Online de acceso libre \u00abAbordaje Pre \u2013 Anest\u00e9sico del Paciente con Patolog\u00edas Pre-Existentes\u00bb que tiene \u00a0como invitado especial al <strong>Dr. Pablo Otero de Argentina <\/strong><strong>q<\/strong>uien es especialista en Anestesiolog\u00eda y Algiolog\u00eda Veterinaria. Para acceder a la charla s\u00f3lo deben llenar el formulario que aparece m\u00e1s abajo.<\/p>\n<h3>Conferencista:<\/h3>\n<table border=\"0\">\n<tbody>\n<tr>\n<td style=\"width: 160px;\"><a href=\"https:\/\/www.vetpraxis.net\/wp-content\/uploads\/2012\/05\/pablootero.jpg\"><img loading=\"lazy\" decoding=\"async\" class=\"aligncenter size-full wp-image-7528\" alt=\"pablootero\" src=\"https:\/\/www.vetpraxis.net\/wp-content\/uploads\/2012\/05\/pablootero.jpg\" width=\"120\" height=\"147\" \/><\/a><\/td>\n<td rowspan=\"2\" valign=\"top\"><strong>Dr. Pablo E. Otero.\u00a0<\/strong>MV, PhD. Profesor a cargo de la C\u00e1tedra de Anestesiolog\u00eda y Algiolog\u00eda de la Facultad de Ciencias veterinarias de la Universidad de Buenos Aires, Argentina. Doctor en Ciencias. Universidad de Buenos Aires.<\/td>\n<\/tr>\n<tr>\n<td><\/td>\n<\/tr>\n<\/tbody>\n<\/table>\n<h3>Horario:<\/h3>\n[arrowlist]\n<ul>\n<li>Costa Rica, Guatemala: 13:00 horas<\/li>\n<li>Lima, Bogot\u00e1, Panam\u00e1, M\u00e9xico, Quito: 14:00 horas<\/li>\n<li>Caracas: 14:30 horas<\/li>\n<li>Asunci\u00f3n, La Paz: 15:00 horas<\/li>\n<li>Santiago, Brasil, Buenos Aires, Montevideo: 16:00 horas<\/li>\n<li>Portugal: 20:00 horas<\/li>\n<li>Espa\u00f1a: 21:00 horas<\/li>\n<\/ul>\n[\/arrowlist]\n<h3>Registro:<\/h3>\n[field name=\u00bbcw\u00bb]\n<h3>Indicaciones:<\/h3>\n<ol>\n<li>Hacer click en el bot\u00f3n de registro (bot\u00f3n azul).<\/li>\n<li>En la siguiente pantalla hacer click en \u201cRegister Now\u201d.<\/li>\n<li>Llenar los datos y enviar el formulario.<\/li>\n<li>Le llegar\u00e1 un correo de confirmaci\u00f3n con un link de acceso personal que deber\u00e1 guardar para ingresar a la conferencia. El asunto del correo ser\u00e1 \u201cWebinar Registration Confirmation\u201d.<\/li>\n<li>Si perdi\u00f3 el correo con el link de acceso, presione el bot\u00f3n azul y luego ubique el texto: If you have already registered and can\u00b4t locate your \u201cregistration confirmation email\u201d click here.<\/li>\n<\/ol>\n","protected":false},"excerpt":{"rendered":"<p>Este jueves\u00a018 de Abril\u00a0VetPraxis te invita a la Conferencia Online de acceso libre \u00abAbordaje Pre \u2013 Anest\u00e9sico del Paciente con Patolog\u00edas Pre-Existentes\u00bb que tiene \u00a0como\u2026<\/p>\n","protected":false},"author":1,"featured_media":8467,"comment_status":"closed","ping_status":"closed","sticky":false,"template":"","format":"standard","meta":{"footnotes":""},"categories":[33,94,1],"tags":[],"class_list":["post-8457","post","type-post","status-publish","format-standard","has-post-thumbnail","hentry","category-en-vivo","category-eventos","category-sin-categoria"],"_links":{"self":[{"href":"https:\/\/vetpraxis.academy\/articles\/wp-json\/wp\/v2\/posts\/8457","targetHints":{"allow":["GET"]}}],"collection":[{"href":"https:\/\/vetpraxis.academy\/articles\/wp-json\/wp\/v2\/posts"}],"about":[{"href":"https:\/\/vetpraxis.academy\/articles\/wp-json\/wp\/v2\/types\/post"}],"author":[{"embeddable":true,"href":"https:\/\/vetpraxis.academy\/articles\/wp-json\/wp\/v2\/users\/1"}],"replies":[{"embeddable":true,"href":"https:\/\/vetpraxis.academy\/articles\/wp-json\/wp\/v2\/comments?post=8457"}],"version-history":[{"count":0,"href":"https:\/\/vetpraxis.academy\/articles\/wp-json\/wp\/v2\/posts\/8457\/revisions"}],"wp:featuredmedia":[{"embeddable":true,"href":"https:\/\/vetpraxis.academy\/articles\/wp-json\/wp\/v2\/media\/8467"}],"wp:attachment":[{"href":"https:\/\/vetpraxis.academy\/articles\/wp-json\/wp\/v2\/media?parent=8457"}],"wp:term":[{"taxonomy":"category","embeddable":true,"href":"https:\/\/vetpraxis.academy\/articles\/wp-json\/wp\/v2\/categories?post=8457"},{"taxonomy":"post_tag","embeddable":true,"href":"https:\/\/vetpraxis.academy\/articles\/wp-json\/wp\/v2\/tags?post=8457"}],"curies":[{"name":"wp","href":"https:\/\/api.w.org\/{rel}","templated":true}]}}